{"id":191,"date":"2022-08-29T01:55:50","date_gmt":"2022-08-29T01:55:50","guid":{"rendered":"https:\/\/cuentosdedonvictor.com\/?p=191"},"modified":"2022-08-29T17:24:45","modified_gmt":"2022-08-29T17:24:45","slug":"memorias-de-un-telegrafista-4","status":"publish","type":"post","link":"https:\/\/cuentosdedonvictor.com\/index.php\/2022\/08\/29\/memorias-de-un-telegrafista-4\/","title":{"rendered":"Memorias de un telegrafista I: CAPITULO IV"},"content":{"rendered":"\n<h2 class=\"wp-block-heading\"><strong>La revoluci\u00f3n liberal<\/strong><\/h2>\n\n\n\n<p>La independencia de Centroam\u00e9rica en 1821 hab\u00eda causado terribles conflictos en la regi\u00f3n por las enconadas luchas por el poder, entre las dos facciones ideol\u00f3gicas contrarias, legitimistas y democr\u00e1ticos, timbucos y calandracas a o sean los conservadores y los liberales. Este pleito por intereses econ\u00f3micos y pol\u00edticos que se expresaba como diferencias ideol\u00f3gicas, ven\u00eda desde Europa, lo hab\u00edan tra\u00eddo los espa\u00f1oles desde mucho tiempo atr\u00e1s. En Nicaragua estas contradicciones se expresaban pol\u00edticamente en las rivalidades entre las ciudades coloniales m\u00e1s importantes del pa\u00eds: Le\u00f3n y Granada. En el fondo todas estas luchas giraban en torno al control y posesi\u00f3n de la tierra, entre los grupos criollos dominantes y de dos concepciones del mundo sobre el ejercicio del poder.<\/p>\n\n\n\n<p>El acceso al poder por los conservadores permitir\u00eda la promulgaci\u00f3n de leyes agrarias que favorec\u00edan a los grandes terratenientes. El cultivo del caf\u00e9 favorec\u00eda a la oligarqu\u00eda granadina ya que eran cultivadores de caf\u00e9, &nbsp;Hubo mejoras en el transporte y el rubro econ\u00f3mico m\u00e1s importante fue el caf\u00e9. Los conservadores acusaban a los liberales de causar el \u201cdesorden social\u201d causado por la doctrina liberal establecida despu\u00e9s de la independencia. El grupo que controlaba el poder, controlaba las leyes y la tierra. La democracia, la religi\u00f3n cat\u00f3lica, el nacionalismo, los ind\u00edgenas y los campesinos eran utilizados por los grupos de criollos dominantes en sus luchas por el poder.<\/p>\n\n\n\n<p>Los liberales adem\u00e1s eran partidarios del federalismo centro americanista, del progreso y del cambio social. Por el contrario los conservadores propugnaban por el mantenimiento de las tradiciones y el orden social establecido. Eran nacionalistas, centralistas y reaccionarios ante el cambio social en el que ve\u00edan amenazados sus intereses individualistas.&nbsp; &nbsp;<\/p>\n\n\n\n<p>En tan solo las cuatro primeras d\u00e9cadas desde la independencia, Nicaragua hab\u00eda tenido siete guerras civiles y una guerra nacional, que se libr\u00f3 contra la invasi\u00f3n del norteamericano expansionista y esclavista del sur William Walker que tuvo la gracia de lograr por primera vez la unidad nacional entre los liberales y conservadores para expulsar al yanqui invasor.&nbsp; Parece que solamente cuando est\u00e1 en peligro la sobrevivencia de aquello que llamamos patria, se da una tregua entre los grupos contendientes por el poder.<\/p>\n\n\n\n<p>En 1909, la pol\u00edtica del presidente de los Estados Unidos William H. Taft, se caracterizaba por la pretensi\u00f3n declarada de desplazar de la regi\u00f3n centroamericana y caribe\u00f1a la presencia de potencias europeas como Gran Breta\u00f1a, Alemania, Holanda Francia e Italia, que hab\u00edan sido, hasta entonces los pa\u00edses que habitualmente hab\u00edan provisto de pr\u00e9stamos a las rep\u00fablicas de Centroam\u00e9rica, a las cuales Estados Unidos estimaba como su Mediterr\u00e1neo o su traspatio. Sabemos que el perfecto pretexto de Philander Knox, Secretario de Estado estadounidense, para declararle la guerra al Zelayismo fue el fusilamiento de los estadounidenses Cannon y Grose. Sin embargo Zelaya, liberal educado en Francia, ya se hab\u00eda convertido en una amenaza para los intereses hegem\u00f3nicos de los EEUU, por su pretensi\u00f3n de fortalecer su relaci\u00f3n comercial con Europa y su insistencia en exportar la revoluci\u00f3n liberal al resto de Centroam\u00e9rica.<\/p>\n\n\n\n<p>En diciembre de 1909, Knox escribi\u00f3 la insolente nota que lleva su nombre y que oblig\u00f3 a a Zelaya a renunciar al gobierno y largarse al exilio, quedando en su lugar el liberal Dr. Jos\u00e9 Madriz, quien resisti\u00f3 y combati\u00f3 a los rebeldes conservadores hasta que finalmente con el apoyo de los americanos a los conservadores, fue derrotado en 1910. Benjam\u00edn Zeled\u00f3n hab\u00eda participado apoyando a Madriz en la guerra civil que se desencaden\u00f3 despu\u00e9s de la ca\u00edda de Zelaya. Estados Unidos no s\u00f3lo se hab\u00eda opuesto a Zelaya como individuo, sino al sistema que \u00e9l encabezaba y profer\u00eda que no se aprobar\u00eda el resurgimiento del Zelayismo de ninguna forma.<\/p>\n\n\n\n<p>Los conflictos y la inestabilidad pol\u00edtica no culminaron con la ca\u00edda de Zelaya. Hab\u00eda l\u00edderes liberales revolucionarios nacionalistas, como el pol\u00edtico, militar e intelectual, el joven y aguerrido Benjam\u00edn Zeled\u00f3n, que luchar\u00edan hasta el final en contra de los conservadores y la imposici\u00f3n norteamericana. En 1907 los conflictos entre liberales y conservadores adquirieron mayor relieve dada la enemistad entre el gobierno de Honduras que acusaba a Zelaya de exportar la revoluci\u00f3n, apoyando con armas a los exiliados hondure\u00f1os que intentaban derrocar al presidente conservador General Manuel Bonilla.&nbsp;<\/p>\n\n\n\n<p>Las tensiones entre Honduras y Nicaragua, no solo eran por diferencias ideol\u00f3gicas ente liberales y conservadores, sino que eran ocasionadas por la disputa sobre los l\u00edmites de la frontera entre ambos pa\u00edses. Honduras reclamaba la mayor parte del territorio de la Moskitia estableciendo los l\u00edmites terrestres en el curso del rio Coco, pretensi\u00f3n que era rechazada por el gobierno de Nicaragua. La zona fronteriza era un hervidero de movimientos armados de liberales hondure\u00f1os apoyados por liberales nicarag\u00fcenses y de conservadores nicarag\u00fcenses apoyados por conservadores hondure\u00f1os. &nbsp;<\/p>\n\n\n\n<p>En ese ambiente de conflictos, se produjeron incursiones militares tanto de Honduras como de Nicaragua, en persecuci\u00f3n o en apoyo de rebeldes liberales o conservadores. En una de esas incursiones el ej\u00e9rcito hondure\u00f1o en persecuci\u00f3n de unos rebeldes penetr\u00f3 en territorio nicarag\u00fcense e incendi\u00f3 el puesto fronterizo \u201cLos Calpules\u201d cercano del ahora llamado El Guasaule, posteriormente atacaron el poblado de Tapacales en Nueva Segovia, a orillas del rio del mismo nombre, en el sitio que posteriormente se llamar\u00eda El Espino, departamento de Madriz, y se convertir\u00eda en un puesto aduanero en la frontera con Honduras. En esta ocasi\u00f3n el ej\u00e9rcito &nbsp;de Honduras estaba comandado por Emiliano Chamorro Vargas caudillo conservador nicarag\u00fcense &nbsp;que se hab\u00eda aliado con el gobierno de Honduras contra la revoluci\u00f3n de Zelaya.<\/p>\n\n\n\n<p>Tropas liberales de Nueva Segovia fueron enviadas a Chinandega para combatir a las fuerzas hondure\u00f1as. En ese mismo a\u00f1o de 1907 rebeldes hondure\u00f1os con el apoyo de nicarag\u00fcenses invadieron San Marcos de Col\u00f3n y se lo tomaron, proclamaron una Junta de gobierno al mando del General Terencio Sierra, pero fueron derrotados por el general Jos\u00e9 Mar\u00eda Valladares y el Coronel Tiburcio Car\u00edas.<\/p>\n\n\n\n<p>Debido a las continuas incursiones y conflictos provocados por el ej\u00e9rcito de Honduras, el presidente Jos\u00e9 Santos Zelaya declar\u00f3 la guerra a Honduras un primero de marzo de 1907, siendo presidente de Honduras Manuel Bonilla, quien pide apoyo a El Salvador para contener al ej\u00e9rcito de Nicaragua y el presidente de El Salvador Fernando Figueroa atendiendo la solicitud de apoyo de Honduras, envi\u00f3 cinco mil soldados al mando del general Jos\u00e9 Dolores Preza. Del lado hondure\u00f1o combatieron las tropas salvadore\u00f1as, las tropas del ej\u00e9rcito de Honduras reforzadas con miles de exiliados nicarag\u00fcenses que estaban en contra de la revoluci\u00f3n liberal. Del lado de Nicaragua combatieron miles de exiliados hondure\u00f1os que adversaban al gobierno conservador de Honduras apoyados por el ej\u00e9rcito liberal de Zelaya.<\/p>\n\n\n\n<ul class=\"wp-block-list\"><li>Aquello fue una terrible y sangrienta batalla sin cuartel, ni me quiero acordar-<\/li><\/ul>\n\n\n\n<p>dijo el General Jos\u00e9 Antol\u00edn Talavera, mientras tomaba la arom\u00e1tica tasa de caf\u00e9 caliente&nbsp; que le hab\u00eda servido su querida Goya, su esposa de tantos a\u00f1os, que a fuerza de repeticiones ya se sab\u00eda bien el cuento de la batalla de Namasigue en la que hab\u00eda participado su esposo el general Talavera, que ya para ese entonces ten\u00eda unos 70 a\u00f1os.<\/p>\n\n\n\n<p>Le cont\u00f3 a su esposa Gregoria Estrada las incidencias de aquella terrible batalla. Lo mismo hac\u00eda con todas las visitas que recib\u00eda en su casa en Condega ya retirado de la vida pol\u00edtica y militar. Contaba como el presidente Zelaya hab\u00eda designado al jefe del ej\u00e9rcito expedicionario nicarag\u00fcense, al general Aurelio Estrada Morales, quien hab\u00eda ordenado la inmediata concentraci\u00f3n de m\u00e1s de mil soldados en los altos que rodean el valle de Namasig\u00fce, as\u00ed como la disposici\u00f3n de sus tropas en tres columnas bien equipadas, una al mando del coronel Benjam\u00edn Francisco Zeled\u00f3n Rodr\u00edguez.<\/p>\n\n\n\n<p>Contaba que al filo de la madrugada del d\u00eda lunes 18 de marzo de 1907, el general nicarag\u00fcense Estrada dio la orden de fuego hacia las posiciones aliadas de hondure\u00f1os y salvadore\u00f1os, que desde que se iniciaron los combates reportaron numerosas bajas en sus filas.<\/p>\n\n\n\n<p>-Esa fue la batalla m\u00e1s grande en al que me toc\u00f3 participar. Las campa\u00f1as anteriores se quedaron chiquitas comparadas con esta batalla. Est\u00e1bamos bien apertrechados. Ten\u00edamos ca\u00f1ones Krupp y de monta\u00f1a de 42 mm. Esos ca\u00f1ones son de puro acero,&nbsp; son los mismos que usan los ej\u00e9rcitos de Rusia y del Imperio Otomano- dec\u00eda.<\/p>\n\n\n\n<p>-Dispon\u00edamos de la mejor artiller\u00eda de la regi\u00f3n, mi general Zelaya ten\u00eda el mejor ej\u00e9rcito de Centroam\u00e9rica. Nuestra artiller\u00eda era de 37 mm, los obuses de 7,5 mm, ten\u00edamos muchos ca\u00f1ones Skoda, y la infanter\u00eda estaba equipada con los mejores rifles Remington, Maxim, M\u00e1user, ametralladoras Maxim. La M\u00e1xim disparaba m\u00e1s de 600 tiros por minuto. Lo que alcanzaba lo desbarataba. Hab\u00eda que o\u00edr aquellas m\u00e1quinas infernales volando tiros sobre las posiciones enemigas-<\/p>\n\n\n\n<p>-Esa ametralladora hizo que con menos soldados les hici\u00e9ramos tantas bajas al enemigo-<\/p>\n\n\n\n<p>Recordaba que cuando las ametralladoras empezaron a tronar acompa\u00f1adas de la cadencia &nbsp;r\u00edtmica &nbsp;del fuego de la artiller\u00eda pesada y el incesante disparar de la fusiler\u00eda de la infanter\u00eda, r\u00e1pidamente las fuerzas nicarag\u00fcenses empezaron a doblegar a las fuerzas aliadas de El Salvador y Honduras que comenzaron a rendirse por montones, otros a luchar con machete y los heridos a ser evacuados.\u200b<\/p>\n\n\n\n<p>Por fin el d\u00eda s\u00e1bado 23 de marzo de 1907 en horas de la tarde la sangrienta batalla de Namasig\u00fce hab\u00eda terminado con el triunfo de los nicarag\u00fcenses.<\/p>\n\n\n\n<p>-Nosotros solo tuvimos 85 bajas y como 250 heridos, ellos tuvieron m\u00e1s de 1,000 bajas y miles de heridos.<\/p>\n\n\n\n<p>Coment\u00f3 en voz baja el general, que ya se hab\u00eda tomado otra taza de caf\u00e9 con rosquillas de Somoto que tanto le gustaban y que le hab\u00eda mandado su hijo Antol\u00edn recientemente.<\/p>\n\n\n\n<p>Se entrelaz\u00f3 las manos y se qued\u00f3 en silencio un momento, como pensativo. Habr\u00e1 valido la pena todo eso, tantos muertos, tanta sangre, tanta violencia. Todo por defender las ideas pol\u00edticas y el poder de unas cuantas familias.<\/p>\n\n\n\n<p>\u00c9l, como toda su familia siempre hab\u00edan sido buenos cristianos y no miraba con buenos ojos aquellos conflictos con la iglesia cat\u00f3lica en la que se hab\u00eda formado. Pero tambi\u00e9n era liberal progresista y quer\u00eda que Nicaragua progresara y no se quedara estancada, por eso apoyaba de coraz\u00f3n al general Zelaya, aunque \u00e9l se hab\u00eda iniciado en la milicia en un gobierno conservador.<\/p>\n\n\n\n<p>Solo se acordaba de las historias de luchas pol\u00edticas y de guerras que le contaban sus padres. Ya eran varias las generaciones de los Talavera involucrados en esos conflictos que no quedaban en nada m\u00e1s que en pobreza y desolaci\u00f3n.<\/p>\n\n\n\n<p>Su madre Rosal\u00eda Fuentes Talavera esposa de Pedro Martir Talavera y tambi\u00e9n su prima, contaba que su padre o sea su bisabuelo Pantal\u00e9on Fuentes, hab\u00eda viajado hasta Guatemala en asuntos de gobierno, mucho antes de la independencia. Cada vez que su madre contaba sobre sus antepasados, no pod\u00eda menos que re\u00edrse, su esposo se llamaba Pedro M\u00e1rtir y su abuelo paterno se gastaba un nombrecito inolvidable: Melchor Gaspar Baltazar de los Tres Reyes Fuentes.<\/p>\n\n\n\n<p>Al igual que \u00e9l &nbsp;casi todos los Talavera hab\u00edan sido pol\u00edticos y militares, tambi\u00e9n sus abuelos y bisabuelos y tatarabuelos.<\/p>\n\n\n\n<p>La familia Talavera, una de las familias m\u00e1s antiguas de Nicaragua se remontaba a los inicios de la colonia espa\u00f1ola, en Le\u00f3n viejo. El primer Talavera registrado en la historia, fue Don Juan de Talavera, Alcalde ordinario de Le\u00f3n en 1536. Los Talavera eran una familia de funcionarios p\u00fablicos, pol\u00edticos, militares y comerciantes y se hab\u00edan asentado en el sur y en el norte del pa\u00eds, en Rivas y Nandaime en el Sur y en Condega y Somoto en Las Segovias. De una de estas ramas descend\u00eda El General Jos\u00e9 Antol\u00edn Talavera Fuentes, nacido en la Finca \u201cCampos El\u00edseos\u201d Municipio de Condega, Departamento de Estel\u00ed, en el a\u00f1o 1837. Hijo de Pedro M\u00e1rtir Talavera de Condega y de Rosal\u00eda Fuentes, originaria de Murcia, Espa\u00f1a con familia en El Salvador. Pedro M\u00e1rtir Talavera fue un ganadero acomodado.<\/p>\n\n\n\n<p>Por los v\u00ednculos familiares de su madre con El Salvador el joven Antolin Talavera Fuentes, viaj\u00f3 hacia ese pa\u00eds y en uno de sus viajes, en Choluteca Honduras conoci\u00f3 a la que ser\u00eda su esposa Gregoria Estrada, y luego de su casamiento en esa ciudad se traslad\u00f3 a vivir a Condega. En Condega complet\u00f3 sus estudios primarios con el bachiller Seferino Gonz\u00e1lez y se hizo cargo de la Escuela de Varones, por su inteligencia natural, su preparaci\u00f3n b\u00e1sica y sus dotes personales de liderazgo y su trato afable con todos, pronto fue el director de las autoridades locales de ese tiempo. Estando en esa posici\u00f3n fue llamado a servir en el ej\u00e9rcito, en el que se distingui\u00f3 por su notable actuaci\u00f3n.<\/p>\n\n\n\n<p>En 1872 a los 35 a\u00f1os fue ascendido a Capit\u00e1n Efectivo del Ej\u00e9rcito de Nicaragua, bajo el gobierno conservador de don Vicente Quadra y lleg\u00f3 a ser General del Ej\u00e9rcito Liberal de Jos\u00e9 Santos Zelaya. En 1896 a la edad de 59 a\u00f1os era segundo jefe de las fuerzas somotecas que operaron en Chinandega luchando contra una de las varias rebeliones que se levantaron contra Zelaya. En este periodo tuvo que enfrentar a su propio hijo Julio Erasmo Talavera que era uno de los alzados en armas.<\/p>\n\n\n\n<p>El joven coronel Julio Erasmo, se tomaba en serio su lucha liberal progresista por la democracia, como me dir\u00eda despu\u00e9s ya siendo un anciano.<\/p>\n\n\n\n<p>-Es que yo nunca podr\u00e9 apoyar dictaduras-&nbsp; dijo a prop\u00f3sito de un art\u00edculo que escribi\u00f3 a principios de los a\u00f1os sesentas en el diario La Prensa con marcado acento anti somocista.<\/p>\n\n\n\n<p>El T\u00edo Erasmo como le llam\u00e1bamos, era una verdadera leyenda por su actuaci\u00f3n desde muy joven en la pol\u00edtica. Visitaba ocasionalmente al abuelo Antol\u00edn y sol\u00eda contarnos parte de sus historias de la guerra en la que le toc\u00f3 participar. Su pasaje favorito era cuando en sus correr\u00edas como rebelde fue capturado por un general del ej\u00e9rcito de Zelaya, muy amigo de su padre el General Talavera.&nbsp; Nos contaba c\u00f3mo se le vino el mundo encima al darse cuenta en el l\u00edo en que por sus ideales hab\u00eda metido a su padre y al general amigo de su padre, que le hab\u00eda capturado. Su preocupaci\u00f3n, no era tanto lo que le pod\u00eda ocurrir a \u00e9l, total estaba comprometido con su lucha y sab\u00eda que pod\u00eda morir en combate en cualquier momento. Su gran problema era que hab\u00eda sido capturado en combate y eso significaba, que o bien iba a ser fusilado sumariamente, con lo que eso significaba para su pap\u00e1, o bien era entregado a su padre para que decidiera que hacer con \u00e9l, sabiendo que su padre, militar de honor se ver\u00eda obligado a aceptar que lo fusilaran, lo que provocar\u00eda un enorme dolor a \u00e9l y a toda la familia. No ten\u00eda m\u00e1s opci\u00f3n que fugarse o bien morir en el intento.<\/p>\n\n\n\n<p>Mientras marchaba custodiado por sus captores en una zona escarpada, pidi\u00f3 permiso a su custodia, para orinar y aprovech\u00f3 un m\u00ednimo descuido para tirarse guindo abajo rodando entre los \u00e1rboles y huir con raspones y golpes, pero sano y salvo al fin. Luego vendr\u00eda una de las tantas amnist\u00edas que ya eran parte del folclore pol\u00edtico de la \u00e9poca, guerra civil, rebeli\u00f3n, amnist\u00edas, otra vez guerra civil, rebeliones y amnist\u00edas. Esto le permiti\u00f3 reconciliarse con su padre el General Talavera y dedicarse a su oficio de ebanista en su natal Condega donde vivi\u00f3 hasta los 104 a\u00f1os, habiendo fundado una gran familia, muchos de ellos pol\u00edticos liberales destacados.<\/p>\n\n\n\n<p>El T\u00edo Erasmo, recordaba con mucho afecto a un joven compa\u00f1ero de armas llamado Francisco, \u201cPancho Reyes\u201d, con el que hab\u00edan jurado que el que muriese primero, se compromet\u00eda a avisar al otro sobre la existencia de la vida despu\u00e9s de la muerte.<\/p>\n\n\n\n<p>En una ocasi\u00f3n ya pasada la \u00faltima guerra, el T\u00edo Erasmo dorm\u00eda profundamente en la finca de la familia, sobre un tapesco de aporrear frijoles y de repente, sinti\u00f3 una gran sacudida que le despert\u00f3 abruptamente. No supo por qu\u00e9, pero inmediatamente pens\u00f3 en su amigo Pancho Reyes y le entr\u00f3 un miedo tremendo al grado de temblar. Respir\u00f3 profundamente y ya calmado pens\u00f3 que seguramente era uno de los cerdos que se rascaba en uno de los postes del tapesco, mir\u00f3 hacia abajo y alrededor del tapesco y no vio a ning\u00fan cerdo ni nada parecido y entonces dijo en voz alta como darse valor:<\/p>\n\n\n\n<p>-Pancho, si sos vos, volv\u00e9 a sacudir el tapesco-<\/p>\n\n\n\n<p>Cu\u00e1l ser\u00eda su susto cuando el tapesco empez\u00f3 a moverse otra vez. Pregunt\u00f3 lo mismo por segunda vez y nuevamente que se sacude el tapesco.<\/p>\n\n\n\n<p>-No tengo duda que Pancho Reyes cumpli\u00f3 conmigo y me avis\u00f3 que hay vida despu\u00e9s de la muerte- dijo sonriendo el t\u00edo Erasmo.<\/p>\n\n\n\n<p>El bisabuelo Antol\u00edn de filiaci\u00f3n pol\u00edtica progresista (liberal), tuvo un activa vida militar y pol\u00edtica pr\u00e1cticamente hasta su muerte a la edad de 80 a\u00f1os en Condega en 1917. ocup\u00f3 varios cargos importantes. Fue juez militar y administrador de rentas en Nueva Segovia, juez local y de distrito de nueva Segovia y senador de la Rep\u00fablica por este departamento, comandante militar de Nueva Segovia y Matagalpa, fue administrador de rentas de Matagalpa y tambi\u00e9n de Somoto. Jos\u00e9 Antol\u00edn, no quiso la vida de finquero y por su inter\u00e9s en la milicia, aprendi\u00f3 la profesi\u00f3n de pirot\u00e9cnico, o sea el arte del manejo de la p\u00f3lvora con fines civiles y militares.<\/p>\n","protected":false},"excerpt":{"rendered":"<p>La revoluci\u00f3n liberal La independencia de Centroam\u00e9rica en 1821 hab\u00eda causado terribles conflictos en la regi\u00f3n por las enconadas luchas por el poder, entre las dos facciones ideol\u00f3gicas contrarias, legitimistas y democr\u00e1ticos, timbucos y calandracas a o sean los conservadores y los liberales. Este pleito por intereses econ\u00f3micos y pol\u00edticos que se expresaba como diferencias ideol\u00f3gicas, ven\u00eda desde Europa, lo hab\u00edan tra\u00eddo los espa\u00f1oles desde mucho tiempo atr\u00e1s. En Nicaragua estas contradicciones se expresaban pol\u00edticamente en las rivalidades entre las ciudades coloniales m\u00e1s importantes del pa\u00eds: Le\u00f3n y Granada. En el fondo todas estas luchas giraban en torno al control\u2026<\/p>\n","protected":false},"author":2,"featured_media":203,"comment_status":"open","ping_status":"open","sticky":false,"template":"","format":"standard","meta":{"om_disable_all_campaigns":false,"_monsterinsights_skip_tracking":false,"_monsterinsights_sitenote_active":false,"_monsterinsights_sitenote_note":"","_monsterinsights_sitenote_category":0,"footnotes":""},"categories":[11,7],"tags":[],"class_list":["post-191","post","type-post","status-publish","format-standard","has-post-thumbnail","hentry","category-memorias-de-un-telegrafista","category-novela"],"blocksy_meta":{"styles_descriptor":{"styles":{"desktop":"","tablet":"","mobile":""},"google_fonts":[],"version":5}},"aioseo_notices":[],"_links":{"self":[{"href":"https:\/\/cuentosdedonvictor.com\/index.php\/wp-json\/wp\/v2\/posts\/191","targetHints":{"allow":["GET"]}}],"collection":[{"href":"https:\/\/cuentosdedonvictor.com\/index.php\/wp-json\/wp\/v2\/posts"}],"about":[{"href":"https:\/\/cuentosdedonvictor.com\/index.php\/wp-json\/wp\/v2\/types\/post"}],"author":[{"embeddable":true,"href":"https:\/\/cuentosdedonvictor.com\/index.php\/wp-json\/wp\/v2\/users\/2"}],"replies":[{"embeddable":true,"href":"https:\/\/cuentosdedonvictor.com\/index.php\/wp-json\/wp\/v2\/comments?post=191"}],"version-history":[{"count":3,"href":"https:\/\/cuentosdedonvictor.com\/index.php\/wp-json\/wp\/v2\/posts\/191\/revisions"}],"predecessor-version":[{"id":232,"href":"https:\/\/cuentosdedonvictor.com\/index.php\/wp-json\/wp\/v2\/posts\/191\/revisions\/232"}],"wp:featuredmedia":[{"embeddable":true,"href":"https:\/\/cuentosdedonvictor.com\/index.php\/wp-json\/wp\/v2\/media\/203"}],"wp:attachment":[{"href":"https:\/\/cuentosdedonvictor.com\/index.php\/wp-json\/wp\/v2\/media?parent=191"}],"wp:term":[{"taxonomy":"category","embeddable":true,"href":"https:\/\/cuentosdedonvictor.com\/index.php\/wp-json\/wp\/v2\/categories?post=191"},{"taxonomy":"post_tag","embeddable":true,"href":"https:\/\/cuentosdedonvictor.com\/index.php\/wp-json\/wp\/v2\/tags?post=191"}],"curies":[{"name":"wp","href":"https:\/\/api.w.org\/{rel}","templated":true}]}}